{"id":7746,"date":"2026-06-28T08:09:54","date_gmt":"2026-06-28T06:09:54","guid":{"rendered":"https:\/\/sailing-amira.de\/nuestra-amira-rueda-por-tierra\/"},"modified":"2026-08-12T02:25:29","modified_gmt":"2026-08-12T00:25:29","slug":"nuestra-amira-rueda-por-tierra","status":"publish","type":"post","link":"https:\/\/sailing-amira.de\/es\/nuestra-amira-rueda-por-tierra\/","title":{"rendered":"Nuestra Amira rueda por tierra"},"content":{"rendered":"\n<h1 class=\"wp-block-heading\" style=\"margin-top:0px;margin-bottom:10px\">Nuestra Amira rueda por tierra<\/h1>\n\n<p class=\"has-ast-global-color-3-color has-text-color has-link-color wp-elements-1 wp-block-paragraph\" style=\"margin-top:8px;margin-bottom:20px;font-size:18px\">Trabajadores de RAM sacan el barco del r\u00edo \/ Byron lo aparca con precisi\u00f3n milim\u00e9trica<\/p>\n\n<p class=\"has-ast-global-color-0-color has-text-color has-link-color has-small-font-size wp-elements-2 wp-block-paragraph\">Por Renate R\u00fcger, 28 de junio de 2026<\/p>\n\n<p class=\"wp-block-paragraph\"><strong>Guatemala<\/strong> \u2013 Nuestra Amira sube una peque\u00f1a cuesta, se detiene, da la vuelta y, como por arte de magia, baja rodando por la pendiente al doblar la esquina. A un espectador inexperto le puede parecer inquietante. Pero Byron lo tiene todo bajo control. El capataz de la marina RAM lleva colgado al cuello el mando a distancia del sistema de propulsi\u00f3n de la embarcaci\u00f3n. Mediante una palanca de mando, dirige a nuestra Amira con una precisi\u00f3n milim\u00e9trica por las instalaciones de RAM y entre otras embarcaciones.    <\/p>\n\n<figure class=\"wp-block-image size-full\"><a href=\"https:\/\/sailing-amira.de\/wp-content\/uploads\/2026\/06\/Amira-aus-dem-Wasser4.jpg\"><img fetchpriority=\"high\" decoding=\"async\" width=\"1800\" height=\"1012\" src=\"https:\/\/sailing-amira.de\/wp-content\/uploads\/2026\/06\/Amira-aus-dem-Wasser4.jpg\" alt=\"Un trabajador de RAM arrastra el Amira sobre el soporte m&#xF3;vil.\" class=\"wp-image-6952\" srcset=\"https:\/\/sailing-amira.de\/wp-content\/uploads\/2026\/06\/Amira-aus-dem-Wasser4.jpg 1800w, https:\/\/sailing-amira.de\/wp-content\/uploads\/2026\/06\/Amira-aus-dem-Wasser4-300x169.jpg 300w, https:\/\/sailing-amira.de\/wp-content\/uploads\/2026\/06\/Amira-aus-dem-Wasser4-768x432.jpg 768w, https:\/\/sailing-amira.de\/wp-content\/uploads\/2026\/06\/Amira-aus-dem-Wasser4-1536x864.jpg 1536w, https:\/\/sailing-amira.de\/wp-content\/uploads\/2026\/06\/Amira-aus-dem-Wasser4-1320x742.jpg 1320w\" sizes=\"(max-width: 1800px) 100vw, 1800px\" \/><\/a><figcaption class=\"wp-element-caption\">Un trabajador de RAM arrastra el Amira sobre el soporte m\u00f3vil.<\/figcaption><\/figure>\n\n<p class=\"wp-block-paragraph\">Para nosotros todo sucede de repente, ya que los trabajadores hab\u00edan tardado mucho en colocar los brazos del soporte m\u00f3vil de forma segura bajo nuestra Amira. Por la ma\u00f1ana, hab\u00edan sacado el barco de las aguas del r\u00edo Dulce con otra estructura y un carro especial; un procedimiento laborioso. Como el siguiente paso se demoraba, fuimos a tomar un caf\u00e9. Y, de pronto, el Amira ya no estaba en su sitio anterior.    <\/p>\n\n<figure class=\"wp-block-image size-full\"><a href=\"https:\/\/sailing-amira.de\/wp-content\/uploads\/2026\/06\/Amira-aus-dem-Wasser24.jpg\"><img decoding=\"async\" width=\"1800\" height=\"1013\" src=\"https:\/\/sailing-amira.de\/wp-content\/uploads\/2026\/06\/Amira-aus-dem-Wasser24.jpg\" alt=\"El Amira baja una peque&#xF1;a pendiente en el astillero como por arte de magia.\" class=\"wp-image-6955\" srcset=\"https:\/\/sailing-amira.de\/wp-content\/uploads\/2026\/06\/Amira-aus-dem-Wasser24.jpg 1800w, https:\/\/sailing-amira.de\/wp-content\/uploads\/2026\/06\/Amira-aus-dem-Wasser24-300x169.jpg 300w, https:\/\/sailing-amira.de\/wp-content\/uploads\/2026\/06\/Amira-aus-dem-Wasser24-768x432.jpg 768w, https:\/\/sailing-amira.de\/wp-content\/uploads\/2026\/06\/Amira-aus-dem-Wasser24-1536x864.jpg 1536w, https:\/\/sailing-amira.de\/wp-content\/uploads\/2026\/06\/Amira-aus-dem-Wasser24-1320x743.jpg 1320w\" sizes=\"(max-width: 1800px) 100vw, 1800px\" \/><\/a><figcaption class=\"wp-element-caption\">El Amira baja una peque\u00f1a pendiente como por arte de magia.<\/figcaption><\/figure>\n\n<p class=\"wp-block-paragraph\">Ya sabemos c\u00f3mo funciona todo y qui\u00e9n hace qu\u00e9 por el a\u00f1o pasado. Aquella fue la primera vez que sacaron al Amira del agua de esta manera. Todo es un d\u00e9j\u00e0 vu. Por eso, la tristeza se apodera de nosotros. Cuba, Bahamas&#8230; \u00bfa qu\u00e9 otros lugares quer\u00edamos ir tras la pausa de los huracanes en el r\u00edo Dulce? A principios de marzo \u00edbamos a cruzar el canal de Panam\u00e1 y luego rumbo a la Polinesia Francesa. Nada de eso ha sido posible. \u00ab\u00a1Vuelve a la casilla de salida!\u00bb, toca ahora. Estamos de nuevo donde est\u00e1bamos hace un a\u00f1o. \u00ab\u00a1No pienses en ello!\u00bb, dice Peter. \u00ab\u00a1Oye! \u00a1Zarparemos en noviembre y en diciembre estaremos en Panam\u00e1!\u00bb. Adem\u00e1s, lo pasamos muy bien con Peter y Doroth\u00e9e, de nuestro barco amigo Pia, en Belice y M\u00e9xico, as\u00ed como con otros amigos en las islas de la Bah\u00eda.           <\/p>\n\n<figure class=\"wp-block-image size-full\"><a href=\"https:\/\/sailing-amira.de\/wp-content\/uploads\/2026\/06\/Amira-aus-dem-Wasser38.jpg\"><img decoding=\"async\" width=\"1800\" height=\"1013\" src=\"https:\/\/sailing-amira.de\/wp-content\/uploads\/2026\/06\/Amira-aus-dem-Wasser38.jpg\" alt=\"Se llevan el monocasco Jericho en el travelift para que nuestra Amira pueda aparcar.\" class=\"wp-image-6956\" srcset=\"https:\/\/sailing-amira.de\/wp-content\/uploads\/2026\/06\/Amira-aus-dem-Wasser38.jpg 1800w, https:\/\/sailing-amira.de\/wp-content\/uploads\/2026\/06\/Amira-aus-dem-Wasser38-300x169.jpg 300w, https:\/\/sailing-amira.de\/wp-content\/uploads\/2026\/06\/Amira-aus-dem-Wasser38-768x432.jpg 768w, https:\/\/sailing-amira.de\/wp-content\/uploads\/2026\/06\/Amira-aus-dem-Wasser38-1536x864.jpg 1536w, https:\/\/sailing-amira.de\/wp-content\/uploads\/2026\/06\/Amira-aus-dem-Wasser38-1320x743.jpg 1320w\" sizes=\"(max-width: 1800px) 100vw, 1800px\" \/><\/a><figcaption class=\"wp-element-caption\">Se llevan el Jericho en el travelift para dejar sitio al Amira.<\/figcaption><\/figure>\n\n<p class=\"wp-block-paragraph\">El Amira sigue avanzando. Ahora Byron hace que se detenga. Un peque\u00f1o velero llamado Jericho ocupa el lugar donde debe ir el Amira. Los trabajadores de RAM ya corren hacia el monocasco. Todo est\u00e1 preparado. Van a mover el Jericho con una gr\u00faa m\u00f3vil, un llamado travelift. Las eslingas textiles bajo su casco ya est\u00e1n fijadas. Ahora lo elevan y los trabajadores quitan los puntales de debajo del barco. El Jericho queda suspendido, balance\u00e1ndose un poco en la estructura cuadrada de vigas de acero. El travelift se pone en marcha y se desplaza hacia un lado. Ahora Byron vuelve a guiar a nuestra Amira por control remoto; pasa rozando otro catamar\u00e1n y entra con paso firme en su \u00abplaza de aparcamiento\u00bb. Retiran el soporte m\u00f3vil y colocan los puntales. Pocos minutos despu\u00e9s, el travelift deposita al Jericho delante de nuestra Amira. Estamos en segunda fila, rodeados solo de barcos en seco.             <\/p>\n\n<figure class=\"wp-block-image size-full\"><a href=\"https:\/\/sailing-amira.de\/wp-content\/uploads\/2026\/06\/Amira-aus-dem-Wasser47.jpg\"><img loading=\"lazy\" decoding=\"async\" width=\"1800\" height=\"1012\" src=\"https:\/\/sailing-amira.de\/wp-content\/uploads\/2026\/06\/Amira-aus-dem-Wasser47.jpg\" alt=\"Aparcando el Amira al mil&#xED;metro: el capataz Byron lo tiene todo bajo control.\" class=\"wp-image-6957\" srcset=\"https:\/\/sailing-amira.de\/wp-content\/uploads\/2026\/06\/Amira-aus-dem-Wasser47.jpg 1800w, https:\/\/sailing-amira.de\/wp-content\/uploads\/2026\/06\/Amira-aus-dem-Wasser47-300x169.jpg 300w, https:\/\/sailing-amira.de\/wp-content\/uploads\/2026\/06\/Amira-aus-dem-Wasser47-768x432.jpg 768w, https:\/\/sailing-amira.de\/wp-content\/uploads\/2026\/06\/Amira-aus-dem-Wasser47-1536x864.jpg 1536w, https:\/\/sailing-amira.de\/wp-content\/uploads\/2026\/06\/Amira-aus-dem-Wasser47-1320x742.jpg 1320w\" sizes=\"(max-width: 1800px) 100vw, 1800px\" \/><\/a><figcaption class=\"wp-element-caption\">Aparcando: el capataz Byron gu\u00eda al Amira con precisi\u00f3n milim\u00e9trica junto al catamar\u00e1n Cat-Keys-Cat.<\/figcaption><\/figure>\n\n<div style=\"height:6px\" aria-hidden=\"true\" class=\"wp-block-spacer\"><\/div>\n\n<hr class=\"wp-block-separator has-alpha-channel-opacity\"\/>\n\n<p class=\"wp-block-paragraph\"><\/p>\n\n<figure class=\"wp-block-gallery has-nested-images columns-6 is-cropped wp-block-gallery-1 is-layout-flex wp-container-core-gallery-is-layout-7eede440 wp-block-gallery-is-layout-flex\" style=\"padding-top:0px;padding-right:0px;padding-bottom:0px;padding-left:0px\">\n<figure class=\"wp-block-image size-full\"><a href=\"https:\/\/sailing-amira.de\/wp-content\/uploads\/2026\/06\/Amira-aus-dem-Wasser2.jpg\"><img loading=\"lazy\" decoding=\"async\" width=\"1800\" height=\"1013\" data-id=\"6960\" src=\"https:\/\/sailing-amira.de\/wp-content\/uploads\/2026\/06\/Amira-aus-dem-Wasser2.jpg\" alt=\"Sacan al Amira del agua.\" class=\"wp-image-6960\" srcset=\"https:\/\/sailing-amira.de\/wp-content\/uploads\/2026\/06\/Amira-aus-dem-Wasser2.jpg 1800w, https:\/\/sailing-amira.de\/wp-content\/uploads\/2026\/06\/Amira-aus-dem-Wasser2-300x169.jpg 300w, https:\/\/sailing-amira.de\/wp-content\/uploads\/2026\/06\/Amira-aus-dem-Wasser2-768x432.jpg 768w, https:\/\/sailing-amira.de\/wp-content\/uploads\/2026\/06\/Amira-aus-dem-Wasser2-1536x864.jpg 1536w, https:\/\/sailing-amira.de\/wp-content\/uploads\/2026\/06\/Amira-aus-dem-Wasser2-1320x743.jpg 1320w\" sizes=\"(max-width: 1800px) 100vw, 1800px\" \/><\/a><\/figure>\n\n\n\n<figure class=\"wp-block-image size-full\"><a href=\"https:\/\/sailing-amira.de\/wp-content\/uploads\/2026\/06\/Amira-aus-dem-Wasser5.jpg\"><img loading=\"lazy\" decoding=\"async\" width=\"1800\" height=\"1012\" data-id=\"6961\" src=\"https:\/\/sailing-amira.de\/wp-content\/uploads\/2026\/06\/Amira-aus-dem-Wasser5.jpg\" alt=\"Sacan al Amira del agua.\" class=\"wp-image-6961\" srcset=\"https:\/\/sailing-amira.de\/wp-content\/uploads\/2026\/06\/Amira-aus-dem-Wasser5.jpg 1800w, https:\/\/sailing-amira.de\/wp-content\/uploads\/2026\/06\/Amira-aus-dem-Wasser5-300x169.jpg 300w, https:\/\/sailing-amira.de\/wp-content\/uploads\/2026\/06\/Amira-aus-dem-Wasser5-768x432.jpg 768w, https:\/\/sailing-amira.de\/wp-content\/uploads\/2026\/06\/Amira-aus-dem-Wasser5-1536x864.jpg 1536w, https:\/\/sailing-amira.de\/wp-content\/uploads\/2026\/06\/Amira-aus-dem-Wasser5-1320x742.jpg 1320w\" sizes=\"(max-width: 1800px) 100vw, 1800px\" \/><\/a><\/figure>\n\n\n\n<figure class=\"wp-block-image size-full\"><a href=\"https:\/\/sailing-amira.de\/wp-content\/uploads\/2026\/06\/Amira-aus-dem-Wasser6.jpg\"><img loading=\"lazy\" decoding=\"async\" width=\"1800\" height=\"1012\" data-id=\"6962\" src=\"https:\/\/sailing-amira.de\/wp-content\/uploads\/2026\/06\/Amira-aus-dem-Wasser6.jpg\" alt=\"Sacan al Amira del agua.\" class=\"wp-image-6962\" srcset=\"https:\/\/sailing-amira.de\/wp-content\/uploads\/2026\/06\/Amira-aus-dem-Wasser6.jpg 1800w, https:\/\/sailing-amira.de\/wp-content\/uploads\/2026\/06\/Amira-aus-dem-Wasser6-300x169.jpg 300w, https:\/\/sailing-amira.de\/wp-content\/uploads\/2026\/06\/Amira-aus-dem-Wasser6-768x432.jpg 768w, https:\/\/sailing-amira.de\/wp-content\/uploads\/2026\/06\/Amira-aus-dem-Wasser6-1536x864.jpg 1536w, https:\/\/sailing-amira.de\/wp-content\/uploads\/2026\/06\/Amira-aus-dem-Wasser6-1320x742.jpg 1320w\" sizes=\"(max-width: 1800px) 100vw, 1800px\" \/><\/a><\/figure>\n\n\n\n<figure class=\"wp-block-image size-full\"><a href=\"https:\/\/sailing-amira.de\/wp-content\/uploads\/2026\/06\/Amira-aus-dem-Wasser12.jpg\"><img loading=\"lazy\" decoding=\"async\" width=\"1800\" height=\"1013\" data-id=\"6967\" src=\"https:\/\/sailing-amira.de\/wp-content\/uploads\/2026\/06\/Amira-aus-dem-Wasser12.jpg\" alt=\"Sacan al Amira del agua.\" class=\"wp-image-6967\" srcset=\"https:\/\/sailing-amira.de\/wp-content\/uploads\/2026\/06\/Amira-aus-dem-Wasser12.jpg 1800w, https:\/\/sailing-amira.de\/wp-content\/uploads\/2026\/06\/Amira-aus-dem-Wasser12-300x169.jpg 300w, https:\/\/sailing-amira.de\/wp-content\/uploads\/2026\/06\/Amira-aus-dem-Wasser12-768x432.jpg 768w, https:\/\/sailing-amira.de\/wp-content\/uploads\/2026\/06\/Amira-aus-dem-Wasser12-1536x864.jpg 1536w, https:\/\/sailing-amira.de\/wp-content\/uploads\/2026\/06\/Amira-aus-dem-Wasser12-1320x743.jpg 1320w\" sizes=\"(max-width: 1800px) 100vw, 1800px\" \/><\/a><\/figure>\n\n\n\n<figure class=\"wp-block-image size-full\"><a href=\"https:\/\/sailing-amira.de\/wp-content\/uploads\/2026\/06\/Amira-aus-dem-Wasser14.jpg\"><img loading=\"lazy\" decoding=\"async\" width=\"1800\" height=\"1012\" data-id=\"6966\" src=\"https:\/\/sailing-amira.de\/wp-content\/uploads\/2026\/06\/Amira-aus-dem-Wasser14.jpg\" alt=\"Sacan al Amira del agua.\" class=\"wp-image-6966\" srcset=\"https:\/\/sailing-amira.de\/wp-content\/uploads\/2026\/06\/Amira-aus-dem-Wasser14.jpg 1800w, https:\/\/sailing-amira.de\/wp-content\/uploads\/2026\/06\/Amira-aus-dem-Wasser14-300x169.jpg 300w, https:\/\/sailing-amira.de\/wp-content\/uploads\/2026\/06\/Amira-aus-dem-Wasser14-768x432.jpg 768w, https:\/\/sailing-amira.de\/wp-content\/uploads\/2026\/06\/Amira-aus-dem-Wasser14-1536x864.jpg 1536w, https:\/\/sailing-amira.de\/wp-content\/uploads\/2026\/06\/Amira-aus-dem-Wasser14-1320x742.jpg 1320w\" sizes=\"(max-width: 1800px) 100vw, 1800px\" \/><\/a><\/figure>\n\n\n\n<figure class=\"wp-block-image size-full\"><a href=\"https:\/\/sailing-amira.de\/wp-content\/uploads\/2026\/06\/Amira-aus-dem-Wasser16.jpg\"><img loading=\"lazy\" decoding=\"async\" width=\"1800\" height=\"1012\" data-id=\"6965\" src=\"https:\/\/sailing-amira.de\/wp-content\/uploads\/2026\/06\/Amira-aus-dem-Wasser16.jpg\" alt=\"El Amira recibe un nuevo soporte m&#xF3;vil.\" class=\"wp-image-6965\" srcset=\"https:\/\/sailing-amira.de\/wp-content\/uploads\/2026\/06\/Amira-aus-dem-Wasser16.jpg 1800w, https:\/\/sailing-amira.de\/wp-content\/uploads\/2026\/06\/Amira-aus-dem-Wasser16-300x169.jpg 300w, https:\/\/sailing-amira.de\/wp-content\/uploads\/2026\/06\/Amira-aus-dem-Wasser16-768x432.jpg 768w, https:\/\/sailing-amira.de\/wp-content\/uploads\/2026\/06\/Amira-aus-dem-Wasser16-1536x864.jpg 1536w, https:\/\/sailing-amira.de\/wp-content\/uploads\/2026\/06\/Amira-aus-dem-Wasser16-1320x742.jpg 1320w\" sizes=\"(max-width: 1800px) 100vw, 1800px\" \/><\/a><\/figure>\n\n\n\n<figure class=\"wp-block-image size-full\"><a href=\"https:\/\/sailing-amira.de\/wp-content\/uploads\/2026\/06\/Amira-aus-dem-Wasser28.jpg\"><img loading=\"lazy\" decoding=\"async\" width=\"1800\" height=\"1012\" data-id=\"6964\" src=\"https:\/\/sailing-amira.de\/wp-content\/uploads\/2026\/06\/Amira-aus-dem-Wasser28.jpg\" alt=\"Nuestra Amira rueda por tierra como por arte de magia.\" class=\"wp-image-6964\" srcset=\"https:\/\/sailing-amira.de\/wp-content\/uploads\/2026\/06\/Amira-aus-dem-Wasser28.jpg 1800w, https:\/\/sailing-amira.de\/wp-content\/uploads\/2026\/06\/Amira-aus-dem-Wasser28-300x169.jpg 300w, https:\/\/sailing-amira.de\/wp-content\/uploads\/2026\/06\/Amira-aus-dem-Wasser28-768x432.jpg 768w, https:\/\/sailing-amira.de\/wp-content\/uploads\/2026\/06\/Amira-aus-dem-Wasser28-1536x864.jpg 1536w, https:\/\/sailing-amira.de\/wp-content\/uploads\/2026\/06\/Amira-aus-dem-Wasser28-1320x742.jpg 1320w\" sizes=\"(max-width: 1800px) 100vw, 1800px\" \/><\/a><\/figure>\n\n\n\n<figure class=\"wp-block-image size-full\"><a href=\"https:\/\/sailing-amira.de\/wp-content\/uploads\/2026\/06\/Amira-aus-dem-Wasser34.jpg\"><img loading=\"lazy\" decoding=\"async\" width=\"1800\" height=\"1013\" data-id=\"6968\" src=\"https:\/\/sailing-amira.de\/wp-content\/uploads\/2026\/06\/Amira-aus-dem-Wasser34.jpg\" alt=\"Nuestra Amira rueda por tierra como por arte de magia.\" class=\"wp-image-6968\" srcset=\"https:\/\/sailing-amira.de\/wp-content\/uploads\/2026\/06\/Amira-aus-dem-Wasser34.jpg 1800w, https:\/\/sailing-amira.de\/wp-content\/uploads\/2026\/06\/Amira-aus-dem-Wasser34-300x169.jpg 300w, https:\/\/sailing-amira.de\/wp-content\/uploads\/2026\/06\/Amira-aus-dem-Wasser34-768x432.jpg 768w, https:\/\/sailing-amira.de\/wp-content\/uploads\/2026\/06\/Amira-aus-dem-Wasser34-1536x864.jpg 1536w, https:\/\/sailing-amira.de\/wp-content\/uploads\/2026\/06\/Amira-aus-dem-Wasser34-1320x743.jpg 1320w\" sizes=\"(max-width: 1800px) 100vw, 1800px\" \/><\/a><\/figure>\n\n\n\n<figure class=\"wp-block-image size-full\"><a href=\"https:\/\/sailing-amira.de\/wp-content\/uploads\/2026\/06\/Amira-aus-dem-Wasser43.jpg\"><img loading=\"lazy\" decoding=\"async\" width=\"1800\" height=\"1012\" data-id=\"6969\" src=\"https:\/\/sailing-amira.de\/wp-content\/uploads\/2026\/06\/Amira-aus-dem-Wasser43.jpg\" alt=\"Se llevan el Jericho para dejar sitio a nuestra Amira.\" class=\"wp-image-6969\" srcset=\"https:\/\/sailing-amira.de\/wp-content\/uploads\/2026\/06\/Amira-aus-dem-Wasser43.jpg 1800w, https:\/\/sailing-amira.de\/wp-content\/uploads\/2026\/06\/Amira-aus-dem-Wasser43-300x169.jpg 300w, https:\/\/sailing-amira.de\/wp-content\/uploads\/2026\/06\/Amira-aus-dem-Wasser43-768x432.jpg 768w, https:\/\/sailing-amira.de\/wp-content\/uploads\/2026\/06\/Amira-aus-dem-Wasser43-1536x864.jpg 1536w, https:\/\/sailing-amira.de\/wp-content\/uploads\/2026\/06\/Amira-aus-dem-Wasser43-1320x742.jpg 1320w\" sizes=\"(max-width: 1800px) 100vw, 1800px\" \/><\/a><\/figure>\n\n\n\n<figure class=\"wp-block-image size-full\"><a href=\"https:\/\/sailing-amira.de\/wp-content\/uploads\/2026\/06\/Amira-aus-dem-Wasser49.jpg\"><img loading=\"lazy\" decoding=\"async\" width=\"1800\" height=\"1013\" data-id=\"6970\" src=\"https:\/\/sailing-amira.de\/wp-content\/uploads\/2026\/06\/Amira-aus-dem-Wasser49.jpg\" alt=\"Nuestra Amira aparca como por arte de magia.\" class=\"wp-image-6970\" srcset=\"https:\/\/sailing-amira.de\/wp-content\/uploads\/2026\/06\/Amira-aus-dem-Wasser49.jpg 1800w, https:\/\/sailing-amira.de\/wp-content\/uploads\/2026\/06\/Amira-aus-dem-Wasser49-300x169.jpg 300w, https:\/\/sailing-amira.de\/wp-content\/uploads\/2026\/06\/Amira-aus-dem-Wasser49-768x432.jpg 768w, https:\/\/sailing-amira.de\/wp-content\/uploads\/2026\/06\/Amira-aus-dem-Wasser49-1536x864.jpg 1536w, https:\/\/sailing-amira.de\/wp-content\/uploads\/2026\/06\/Amira-aus-dem-Wasser49-1320x743.jpg 1320w\" sizes=\"(max-width: 1800px) 100vw, 1800px\" \/><\/a><\/figure>\n\n\n\n<figure class=\"wp-block-image size-full\"><a href=\"https:\/\/sailing-amira.de\/wp-content\/uploads\/2026\/06\/Amira-aus-dem-Wasser53.jpg\"><img loading=\"lazy\" decoding=\"async\" width=\"1800\" height=\"1012\" data-id=\"6972\" src=\"https:\/\/sailing-amira.de\/wp-content\/uploads\/2026\/06\/Amira-aus-dem-Wasser53.jpg\" alt=\"Nuestra Amira aparca como por arte de magia, con precisi&#xF3;n milim&#xE9;trica.\" class=\"wp-image-6972\" srcset=\"https:\/\/sailing-amira.de\/wp-content\/uploads\/2026\/06\/Amira-aus-dem-Wasser53.jpg 1800w, https:\/\/sailing-amira.de\/wp-content\/uploads\/2026\/06\/Amira-aus-dem-Wasser53-300x169.jpg 300w, https:\/\/sailing-amira.de\/wp-content\/uploads\/2026\/06\/Amira-aus-dem-Wasser53-768x432.jpg 768w, https:\/\/sailing-amira.de\/wp-content\/uploads\/2026\/06\/Amira-aus-dem-Wasser53-1536x864.jpg 1536w, https:\/\/sailing-amira.de\/wp-content\/uploads\/2026\/06\/Amira-aus-dem-Wasser53-1320x742.jpg 1320w\" sizes=\"(max-width: 1800px) 100vw, 1800px\" \/><\/a><\/figure>\n\n\n\n<figure class=\"wp-block-image size-full\"><a href=\"https:\/\/sailing-amira.de\/wp-content\/uploads\/2026\/06\/Amira-aus-dem-Wasser56.jpg\"><img loading=\"lazy\" decoding=\"async\" width=\"1800\" height=\"1013\" data-id=\"6976\" src=\"https:\/\/sailing-amira.de\/wp-content\/uploads\/2026\/06\/Amira-aus-dem-Wasser56.jpg\" alt=\"\" class=\"wp-image-6976\" srcset=\"https:\/\/sailing-amira.de\/wp-content\/uploads\/2026\/06\/Amira-aus-dem-Wasser56.jpg 1800w, https:\/\/sailing-amira.de\/wp-content\/uploads\/2026\/06\/Amira-aus-dem-Wasser56-300x169.jpg 300w, https:\/\/sailing-amira.de\/wp-content\/uploads\/2026\/06\/Amira-aus-dem-Wasser56-768x432.jpg 768w, https:\/\/sailing-amira.de\/wp-content\/uploads\/2026\/06\/Amira-aus-dem-Wasser56-1536x864.jpg 1536w, https:\/\/sailing-amira.de\/wp-content\/uploads\/2026\/06\/Amira-aus-dem-Wasser56-1320x743.jpg 1320w\" sizes=\"(max-width: 1800px) 100vw, 1800px\" \/><\/a><\/figure>\n<\/figure>\n\n<p class=\"wp-block-paragraph\"><\/p>\n","protected":false},"excerpt":{"rendered":"<p>Guatemala \u2013 Nuestra Amira es de Rio Dulce y y va como por una mano invisible a6> y avanza como guiada por una mano invisible a trav\u00e9s del astillero. \u00ab\u00a1Vuelve a la casilla de salida!\u00bb, se dice. Estamos de vuelta all\u00ed , all\u00ed donde hace un a\u00f1o que estuvimos.   <\/p>\n","protected":false},"author":2,"featured_media":7747,"comment_status":"open","ping_status":"open","sticky":false,"template":"","format":"standard","meta":{"site-sidebar-layout":"default","site-content-layout":"","ast-site-content-layout":"default","site-content-style":"default","site-sidebar-style":"default","ast-global-header-display":"","ast-banner-title-visibility":"","ast-main-header-display":"","ast-hfb-above-header-display":"","ast-hfb-below-header-display":"","ast-hfb-mobile-header-display":"","site-post-title":"","ast-breadcrumbs-content":"","ast-featured-img":"","footer-sml-layout":"","ast-disable-related-posts":"","theme-transparent-header-meta":"","adv-header-id-meta":"","stick-header-meta":"","header-above-stick-meta":"","header-main-stick-meta":"","header-below-stick-meta":"","astra-migrate-meta-layouts":"default","ast-page-background-enabled":"default","ast-page-background-meta":{"desktop":{"background-color":"var(--ast-global-color-4)","background-image":"","background-repeat":"repeat","background-position":"center center","background-size":"auto","background-attachment":"scroll","background-type":"","background-media":"","overlay-type":"","overlay-color":"","overlay-opacity":"","overlay-gradient":""},"tablet":{"background-color":"","background-image":"","background-repeat":"repeat","background-position":"center center","background-size":"auto","background-attachment":"scroll","background-type":"","background-media":"","overlay-type":"","overlay-color":"","overlay-opacity":"","overlay-gradient":""},"mobile":{"background-color":"","background-image":"","background-repeat":"repeat","background-position":"center center","background-size":"auto","background-attachment":"scroll","background-type":"","background-media":"","overlay-type":"","overlay-color":"","overlay-opacity":"","overlay-gradient":""}},"ast-content-background-meta":{"desktop":{"background-color":"var(--ast-global-color-5)","background-image":"","background-repeat":"repeat","background-position":"center center","background-size":"auto","background-attachment":"scroll","background-type":"","background-media":"","overlay-type":"","overlay-color":"","overlay-opacity":"","overlay-gradient":""},"tablet":{"background-color":"var(--ast-global-color-5)","background-image":"","background-repeat":"repeat","background-position":"center center","background-size":"auto","background-attachment":"scroll","background-type":"","background-media":"","overlay-type":"","overlay-color":"","overlay-opacity":"","overlay-gradient":""},"mobile":{"background-color":"var(--ast-global-color-5)","background-image":"","background-repeat":"repeat","background-position":"center center","background-size":"auto","background-attachment":"scroll","background-type":"","background-media":"","overlay-type":"","overlay-color":"","overlay-opacity":"","overlay-gradient":""}},"footnotes":""},"categories":[203,167],"tags":[223,220,222,221],"class_list":["post-7746","post","type-post","status-publish","format-standard","has-post-thumbnail","hentry","category-caribe","category-sin-categorizar","tag-el-amira-en-tierra","tag-guatemala","tag-rio-dulce","tag-temporada-de-huracanes"],"wp-worthy-pixel":{"ignored":false,"public":null,"server":null,"url":null},"wp-worthy-type":"normal","_links":{"self":[{"href":"https:\/\/sailing-amira.de\/es\/wp-json\/wp\/v2\/posts\/7746","targetHints":{"allow":["GET"]}}],"collection":[{"href":"https:\/\/sailing-amira.de\/es\/wp-json\/wp\/v2\/posts"}],"about":[{"href":"https:\/\/sailing-amira.de\/es\/wp-json\/wp\/v2\/types\/post"}],"author":[{"embeddable":true,"href":"https:\/\/sailing-amira.de\/es\/wp-json\/wp\/v2\/users\/2"}],"replies":[{"embeddable":true,"href":"https:\/\/sailing-amira.de\/es\/wp-json\/wp\/v2\/comments?post=7746"}],"version-history":[{"count":4,"href":"https:\/\/sailing-amira.de\/es\/wp-json\/wp\/v2\/posts\/7746\/revisions"}],"predecessor-version":[{"id":8425,"href":"https:\/\/sailing-amira.de\/es\/wp-json\/wp\/v2\/posts\/7746\/revisions\/8425"}],"wp:featuredmedia":[{"embeddable":true,"href":"https:\/\/sailing-amira.de\/es\/wp-json\/wp\/v2\/media\/7747"}],"wp:attachment":[{"href":"https:\/\/sailing-amira.de\/es\/wp-json\/wp\/v2\/media?parent=7746"}],"wp:term":[{"taxonomy":"category","embeddable":true,"href":"https:\/\/sailing-amira.de\/es\/wp-json\/wp\/v2\/categories?post=7746"},{"taxonomy":"post_tag","embeddable":true,"href":"https:\/\/sailing-amira.de\/es\/wp-json\/wp\/v2\/tags?post=7746"}],"curies":[{"name":"wp","href":"https:\/\/api.w.org\/{rel}","templated":true}]}}